{"id":2020,"date":"2022-02-05T10:00:19","date_gmt":"2022-02-05T09:00:19","guid":{"rendered":"https:\/\/leblogdeconscience.com\/?p=2020"},"modified":"2022-02-17T21:27:16","modified_gmt":"2022-02-17T20:27:16","slug":"le-covid-na-jamais-existe","status":"publish","type":"post","link":"https:\/\/leblogdeconscience.com\/index.php\/2022\/02\/05\/le-covid-na-jamais-existe\/","title":{"rendered":"Fraude virologique : le COVID n&rsquo;a jamais exist\u00e9"},"content":{"rendered":"\n<h3 class=\"wp-block-heading\" id=\"les-faits\">Les faits :<\/h3>\n\n\n\n<ul>\n<li><strong><strong> Les virus ne sont pas visibles au microscope optique :<br \/><\/strong><\/strong>&#8211; \u00ab\u00a0Les virus ne sont pas visibles en microscopie optique.\u00a0\u00bb &#8211;&gt;\u00a0 <a href=\"http:\/\/www.microbes-edu.org\/etudiant\/diagnostique.html\">Module \u00ab\u00a0Sant\u00e9 et environnement-Maladies transmissibles\u00a0\u00bb<\/a><br \/>&#8211; Le virus de l&rsquo;H\u00e9patite C \u00ab\u00a0d\u00e9couvert\u00a0\u00bb en 1989 aurait \u00e9t\u00e9 vu pour la premi\u00e8re fois au microscope \u00e9lectronique en 2016 ! &#8211;&gt; <a href=\"https:\/\/presse.inserm.fr\/le-virus-de-lhepatite-c-observe-pour-la-premiere-fois-au-microscope\/25440\/\">Le virus de l\u2019h\u00e9patite C observ\u00e9 pour la premi\u00e8re fois au microscope | Salle de presse | Inserm<\/a><br \/><br \/><\/li>\n<li><strong> L&rsquo;ADN, les g\u00e8nes, les mol\u00e9cules et les atomes ne sont pas des entit\u00e9s visibles mais conceptuelles, malgr\u00e9 que la science pr\u00e9tend en fournir des images, souvent produites tardivement :<br \/><\/strong>&#8211; <a href=\"https:\/\/www.herodote.net\/25_avril_1953-evenement-19530425.php\">\u00ab\u00a0Mis en \u00e9vidence\u00a0\u00bb en 1953,<\/a> en m\u00eame temps que le <a href=\"http:\/\/www.microbes-edu.org\/etudiant\/virus.html\">concept de virus en lien \u00e9troit a \u00e9t\u00e9 red\u00e9fini<\/a> par un membre de l&rsquo;institut Pasteur, l&rsquo;ADN aurait \u00e9t\u00e9 pris en photo pour la premi\u00e8re fois en 2012 ! &#8211;&gt; <a href=\"https:\/\/www.huffingtonpost.fr\/2012\/11\/30\/premieres-images-adn-prises-scientifiques-italiens_n_2218191.html\">PHOTOS. Les premi\u00e8res images de l&rsquo;ADN prises par des scientifiques italiens | Le Huffington Post LIFE<\/a><br \/>&#8211; La premi\u00e8re photo d&rsquo;une mol\u00e9cule aurait \u00e9t\u00e9 prise en 2009 ! &#8211;&gt; <a href=\"https:\/\/www.futura-sciences.com\/sciences\/actualites\/physique-on-peut-observer-molecules-microscope-20323\/\">On peut observer les mol\u00e9cules au microscope ! (futura-sciences.com)<\/a><br \/>&#8211; L&rsquo;ADN n&rsquo;existe pas &#8211;&gt;\u00a0<a href=\"https:\/\/leblogdeconscience.com\/index.php\/2022\/02\/05\/ladn-nexiste-pas\/\">L&rsquo;ADN n&rsquo;existe pas<\/a><br \/><br \/><\/li>\n<li><b> Le test PCR ne peut donc pas s\u00e9quencer quelque chose d&rsquo;invisible (l&rsquo;ADN), en le r\u00e9pliquant X fois pour \u00ab\u00a0l&rsquo;amplifier\u00a0\u00bb afin de le rendre visible : il s&rsquo;agit d&rsquo;un non sens !<br \/><\/b>\u00a0&#8211; \u00ab\u00a0Contrairement aux chromosomes, l\u2019ADN n\u2019est pas visible au microscope\u00a0\u00bb &#8211;&gt; <a href=\"https:\/\/www.genetique-medicale.fr\/la-genetique-medicale-et-vous\/les-differents-examens-genetiques\/article\/les-differents-examens-genetiques\">https:\/\/www.genetique-medicale.fr\/la-genetique-medicale-et-vous\/les-differents-examens-genetiques\/article\/les-differents-examens-genetiques<\/a>\u00a0<br \/>&#8211; Voir les m\u00e9thodes grossi\u00e8res et barbares, utilis\u00e9es dans la conception d&rsquo;OGM, que sont la biolistique et le transfert dans les protoplasmes, pour comprendre que la g\u00e9n\u00e9tique est loin de ressembler \u00e0 une biotechnologie de pointe : <a href=\"https:\/\/www.semae-pedagogie.org\/sujet\/biotechnologies-etapes-transgenese\/\">La transg\u00e9n\u00e8se : les \u00e9tapes &#8211; SEMAE P\u00e9dagogie (semae-pedagogie.org)<\/a><br \/><br \/><\/li>\n<li><strong> Des changements de protocoles en tout genre sont survenus en mars 2020 sur la base d&rsquo;une fausse croyance (pr\u00e9sence d&rsquo;un nouveau virus hautement transmissible) conduisant \u00e0 intuber des patients \u00e0 m\u00eame niveau de saturation d&rsquo;oxyg\u00e8ne et \u00e0 saturer les services de r\u00e9animation inutilement :<br \/><\/strong>\u00a0&#8211; Voir <a href=\"https:\/\/www.youtube.com\/watch?v=J493kfNw0Bs\">[Dr Louis Fouch\u00e9] Les changements de protocoles \u00e0 l&rsquo;origine de l&rsquo;intubation des patients<\/a><br \/><br \/><\/li>\n<li><strong>Participant \u00e0 la subversion du langage et donc des id\u00e9es, le concept sous-jacent au mot virus a op\u00e9r\u00e9 un grand virage dans l&rsquo;histoire au point de changer de signification, puisqu&rsquo;auparavant il \u00e9tait consid\u00e9r\u00e9 comme un poison produit par le corps lui m\u00eame, rendant les humeurs vici\u00e9es :<\/strong><br \/>Voir la d\u00e9finition de virus et venin en 1880 &#8211;&gt; <a href=\"https:\/\/gallica.bnf.fr\/ark:\/12148\/bpt6k61374744\/f12.item.r=Virus\">https:\/\/gallica.bnf.fr\/ark:\/12148\/bpt6k61374744\/f12.item.r=Virus<\/a><br \/><br \/><\/li>\n<li><strong>La th\u00e9orie des germes avec comme unique cause d\u00e9sign\u00e9e des maladies, un agent pathog\u00e8ne ext\u00e9rieur, qui serait contagieux de personne \u00e0 personne, n&rsquo;a jamais \u00e9t\u00e9 d\u00e9montr\u00e9e de mani\u00e8re tangible dans l&rsquo;histoire :<br \/><\/strong>&#8211; Page 22 de cette th\u00e8se de 844 pages pour l&rsquo;obtention d&rsquo;un doctorat en philosophie sur la place des virus dans le monde du vivant : \u00ab\u00a0Il semble que les biologistes savent aujourd\u2019hui ce qu\u2019est un virus\u00a0\u00bb\u00a0 &#8211; &gt;\u00a0<a href=\"https:\/\/www.theses.fr\/2018PA01H225.pdf\">https:\/\/www.theses.fr\/2018PA01H225.pdf<\/a><br \/>&#8211; <a href=\"https:\/\/leblogdeconscience.com\/index.php\/2022\/02\/09\/lorigine-de-la-grippe-aurait-ete-decouverte-deux-fois-selon-les-tenants-du-postulat-de-la-theorie-des-germes\/\">L&rsquo;origine de la grippe a \u00e9t\u00e9 d\u00e9couverte deux fois<\/a> par les tenants de la th\u00e9orie des germes. Qu&rsquo;est-ce qui nous prouve que la th\u00e9orie virale serait donc la bonne ?<br \/><br \/><span style=\"font-size: inherit;\">En attendant la d\u00e9monstration inverse, logique, rigoureuse et observable dans le r\u00e9el, nous pouvons conclure que le covid n&rsquo;existe pas et n&rsquo;a jamais exist\u00e9 !<\/span><\/li>\n<\/ul>\n<hr \/>\n<p>Pour aller plus loin voici quelques liens vers des articles du Magazine N\u00e9oSant\u00e9 \u00e0 ce sujet :<\/p>\n<p>\u00a0<strong>* Le Mensonge Majeur :<\/strong> <a href=\"https:\/\/www.neosante.eu\/le-mensonge-majeur\/\">https:\/\/www.neosante.eu\/le-mensonge-majeur\/<\/a><\/p>\n<p>\u00a0<strong>* Covid Long : Science Ou Fiction ? :<\/strong> <a href=\"https:\/\/www.neosante.eu\/covid-long-science-ou-fiction\/\">https:\/\/www.neosante.eu\/covid-long-science-ou-fiction\/<\/a><\/p>\n<p>\u00a0<strong>* La Contagion, Ce Mythe \u00e0 Abattre :<\/strong> <a href=\"https:\/\/www.neosante.eu\/la-contagion-ce-mythe-a-abattre\/\">https:\/\/www.neosante.eu\/la-contagion-ce-mythe-a-abattre\/<\/a><\/p>\n<p>\u00a0<strong>* Un Rapport Explose Le Test PCR ! :<\/strong> <a href=\"https:\/\/www.neosante.eu\/un-rapport-explose-le-test-pcr\/\">https:\/\/www.neosante.eu\/un-rapport-explose-le-test-pcr\/<\/a><\/p>\n<p><strong>\u00a0* Covid-19(84) Ou La V\u00e9rit\u00e9 (politique) Du Mensonge Sanitaire :<\/strong> <a href=\"https:\/\/www.neosante.eu\/covid-1984-ou-la-verite-politique-du-mensonge-sanitaire\/\">https:\/\/www.neosante.eu\/covid-1984-ou-la-verite-politique-du-mensonge-sanitaire\/<\/a><\/p>\n<hr \/>\n<h4><strong>Articles pouvant vous int\u00e9resser \u00e9galement sur ce blog :<\/strong><\/h4>\n<ul>\n<li><a href=\"https:\/\/leblogdeconscience.com\/index.php\/2022\/02\/04\/lancienne-conception-de-la-grippe-et-de-ses-remedes-avant-larrivee-de-la-virologie\/\">L&rsquo;ancienne conception de la grippe et de ses rem\u00e8des avant l&rsquo;arriv\u00e9e de la virologie<\/a><\/li>\n<li><a href=\"https:\/\/leblogdeconscience.com\/index.php\/2022\/02\/05\/ladn-nexiste-pas\/\">L&rsquo;ADN n&rsquo;existe pas<\/a><\/li>\n<li><a href=\"https:\/\/leblogdeconscience.com\/index.php\/2022\/02\/04\/remise-en-question-de-toutes-les-grandes-theories-scientifiques-de-notre-epoque\/\">Remise en question de toutes les grandes th\u00e9ories scientifiques de notre \u00e9poque<\/a><\/li>\n<li><a href=\"https:\/\/leblogdeconscience.com\/index.php\/2022\/02\/04\/extraits-audio-de-livres-de-rene-guenon-sur-les-mythes-et-superstitions-de-la-science-moderne\/\">Extraits audio de livres de Ren\u00e9 Gu\u00e9non sur les mythes, illusions et superstitions de la science moderne<\/a><\/li>\n<li><a href=\"https:\/\/leblogdeconscience.com\/index.php\/2022\/02\/05\/les-limitations-de-lutilisation-du-microscope-dans-lelaboration-des-connaissances-scientifiques-netaient-pas-dordres-techniques-mais-intellectuelles\/\">Les limitations de l&rsquo;utilisation du microscope dans l&rsquo;\u00e9laboration des connaissances scientifiques n&rsquo;\u00e9taient pas d&rsquo;ordres techniques mais intellectuelles<\/a><\/li>\n<li><a href=\"https:\/\/leblogdeconscience.com\/index.php\/2022\/02\/09\/lescroquerie-du-vih-sida-expose-par-jean-jacques-crevecoeur\/\">L&rsquo;escroquerie du VIH \/ SIDA expos\u00e9e par Jean-Jacques Cr\u00e8vecoeur<\/a><\/li>\n<li><a href=\"https:\/\/leblogdeconscience.com\/index.php\/2022\/02\/09\/lorigine-de-la-grippe-aurait-ete-decouverte-deux-fois-selon-les-tenants-du-postulat-de-la-theorie-des-germes\/\">L&rsquo;origine de la grippe aurait \u00e9t\u00e9 d\u00e9couverte deux fois selon les tenants du postulat de la th\u00e9orie des germes !<\/a><\/li>\n<li><a href=\"https:\/\/leblogdeconscience.com\/index.php\/2022\/02\/16\/les-atomes-existent-ils\/\">Les atomes existent-ils ?<\/a><\/li>\n<li><a href=\"https:\/\/leblogdeconscience.com\/index.php\/2022\/02\/17\/le-cancer-et-ses-remedes-au-19ieme-siecle\/\">Le cancer et ses rem\u00e8des, au 19i\u00e8me si\u00e8cle<\/a><\/li>\n<li><a href=\"https:\/\/leblogdeconscience.com\/index.php\/2022\/02\/17\/les-dinosaures-nont-jamais-existe\/\">Les dinosaures n&rsquo;ont jamais exist\u00e9<\/a><\/li>\n<\/ul>\n\n\n\n<figure class=\"wp-block-image size-full\"><img loading=\"lazy\" decoding=\"async\" width=\"350\" height=\"263\" data-src=\"https:\/\/leblogdeconscience.com\/wp-content\/uploads\/2022\/02\/covid-jamais-existe-e1644060545901.jpg\" alt=\"Le covid j'a jamais exist\u00e9\" class=\"wp-image-2076 lazyload\" src=\"data:image\/gif;base64,R0lGODlhAQABAAAAACH5BAEKAAEALAAAAAABAAEAAAICTAEAOw==\" style=\"--smush-placeholder-width: 350px; --smush-placeholder-aspect-ratio: 350\/263;\" \/><noscript><img loading=\"lazy\" decoding=\"async\" width=\"350\" height=\"263\" src=\"https:\/\/leblogdeconscience.com\/wp-content\/uploads\/2022\/02\/covid-jamais-existe-e1644060545901.jpg\" alt=\"Le covid j'a jamais exist\u00e9\" class=\"wp-image-2076\"\/><\/noscript><\/figure>\n","protected":false},"excerpt":{"rendered":"<p>Les faits : Les virus ne sont pas visibles au microscope optique :&#8211; \u00ab\u00a0Les virus ne sont pas visibles en microscopie optique.\u00a0\u00bb &#8211;&gt;\u00a0 Module \u00ab\u00a0Sant\u00e9 et environnement-Maladies transmissibles\u00a0\u00bb&#8211; Le virus de l&rsquo;H\u00e9patite C \u00ab\u00a0d\u00e9couvert\u00a0\u00bb en 1989 aurait \u00e9t\u00e9 vu pour la premi\u00e8re fois au microscope \u00e9lectronique en 2016 ! &#8211;&gt; Le virus de l\u2019h\u00e9patite C &#8230; <a title=\"Fraude virologique : le COVID n&rsquo;a jamais exist\u00e9\" class=\"read-more\" href=\"https:\/\/leblogdeconscience.com\/index.php\/2022\/02\/05\/le-covid-na-jamais-existe\/\" aria-label=\"En savoir plus sur Fraude virologique : le COVID n&rsquo;a jamais exist\u00e9\">Lire la suite<\/a><\/p>\n","protected":false},"author":1,"featured_media":2076,"comment_status":"open","ping_status":"open","sticky":false,"template":"","format":"standard","meta":{"footnotes":""},"categories":[12,55],"tags":[45,21,46],"class_list":["post-2020","post","type-post","status-publish","format-standard","has-post-thumbnail","hentry","category-articles","category-mes-analyses","tag-manipulations","tag-revelations","tag-science"],"yoast_head":"<!-- This site is optimized with the Yoast SEO plugin v23.8 - https:\/\/yoast.com\/wordpress\/plugins\/seo\/ -->\n<title>Fraude virologique : le COVID n&#039;a jamais exist\u00e9 - Le blog de Conscience<\/title>\n<meta name=\"description\" content=\"D\u00e9monstration logique et rigoureuse par des faits, que le covid n&#039;a jamais exist\u00e9.\" \/>\n<meta name=\"robots\" content=\"index, follow, max-snippet:-1, max-image-preview:large, max-video-preview:-1\" \/>\n<link rel=\"canonical\" href=\"https:\/\/leblogdeconscience.com\/index.php\/2022\/02\/05\/le-covid-na-jamais-existe\/\" \/>\n<meta property=\"og:locale\" content=\"fr_FR\" \/>\n<meta property=\"og:type\" content=\"article\" \/>\n<meta property=\"og:title\" content=\"Fraude virologique : le COVID n&#039;a jamais exist\u00e9 - Le blog de Conscience\" \/>\n<meta property=\"og:description\" content=\"D\u00e9monstration logique et rigoureuse par des faits, que le covid n&#039;a jamais exist\u00e9.\" \/>\n<meta property=\"og:url\" content=\"https:\/\/leblogdeconscience.com\/index.php\/2022\/02\/05\/le-covid-na-jamais-existe\/\" \/>\n<meta property=\"og:site_name\" content=\"Le blog de Conscience\" \/>\n<meta property=\"article:published_time\" content=\"2022-02-05T09:00:19+00:00\" \/>\n<meta property=\"article:modified_time\" content=\"2022-02-17T20:27:16+00:00\" \/>\n<meta property=\"og:image\" content=\"https:\/\/leblogdeconscience.com\/wp-content\/uploads\/2022\/02\/covid-jamais-existe-e1644060545901.jpg\" \/>\n\t<meta property=\"og:image:width\" content=\"350\" \/>\n\t<meta property=\"og:image:height\" content=\"263\" \/>\n\t<meta property=\"og:image:type\" content=\"image\/jpeg\" \/>\n<meta name=\"author\" content=\"Conscience\" \/>\n<meta name=\"twitter:card\" content=\"summary_large_image\" \/>\n<meta name=\"twitter:label1\" content=\"\u00c9crit par\" \/>\n\t<meta name=\"twitter:data1\" content=\"Conscience\" \/>\n\t<meta name=\"twitter:label2\" content=\"Dur\u00e9e de lecture estim\u00e9e\" \/>\n\t<meta name=\"twitter:data2\" content=\"4 minutes\" \/>\n<script type=\"application\/ld+json\" class=\"yoast-schema-graph\">{\"@context\":\"https:\/\/schema.org\",\"@graph\":[{\"@type\":\"WebPage\",\"@id\":\"https:\/\/leblogdeconscience.com\/index.php\/2022\/02\/05\/le-covid-na-jamais-existe\/\",\"url\":\"https:\/\/leblogdeconscience.com\/index.php\/2022\/02\/05\/le-covid-na-jamais-existe\/\",\"name\":\"Fraude virologique : le COVID n'a jamais exist\u00e9 - Le blog de Conscience\",\"isPartOf\":{\"@id\":\"https:\/\/leblogdeconscience.com\/#website\"},\"primaryImageOfPage\":{\"@id\":\"https:\/\/leblogdeconscience.com\/index.php\/2022\/02\/05\/le-covid-na-jamais-existe\/#primaryimage\"},\"image\":{\"@id\":\"https:\/\/leblogdeconscience.com\/index.php\/2022\/02\/05\/le-covid-na-jamais-existe\/#primaryimage\"},\"thumbnailUrl\":\"https:\/\/leblogdeconscience.com\/wp-content\/uploads\/2022\/02\/covid-jamais-existe-e1644060545901.jpg\",\"datePublished\":\"2022-02-05T09:00:19+00:00\",\"dateModified\":\"2022-02-17T20:27:16+00:00\",\"author\":{\"@id\":\"https:\/\/leblogdeconscience.com\/#\/schema\/person\/85a55dd926c660dc71a9be7b411d2c0f\"},\"description\":\"D\u00e9monstration logique et rigoureuse par des faits, que le covid n'a jamais exist\u00e9.\",\"breadcrumb\":{\"@id\":\"https:\/\/leblogdeconscience.com\/index.php\/2022\/02\/05\/le-covid-na-jamais-existe\/#breadcrumb\"},\"inLanguage\":\"fr-FR\",\"potentialAction\":[{\"@type\":\"ReadAction\",\"target\":[\"https:\/\/leblogdeconscience.com\/index.php\/2022\/02\/05\/le-covid-na-jamais-existe\/\"]}]},{\"@type\":\"ImageObject\",\"inLanguage\":\"fr-FR\",\"@id\":\"https:\/\/leblogdeconscience.com\/index.php\/2022\/02\/05\/le-covid-na-jamais-existe\/#primaryimage\",\"url\":\"https:\/\/leblogdeconscience.com\/wp-content\/uploads\/2022\/02\/covid-jamais-existe-e1644060545901.jpg\",\"contentUrl\":\"https:\/\/leblogdeconscience.com\/wp-content\/uploads\/2022\/02\/covid-jamais-existe-e1644060545901.jpg\",\"width\":350,\"height\":263,\"caption\":\"Le covid j'a jamais exist\u00e9\"},{\"@type\":\"BreadcrumbList\",\"@id\":\"https:\/\/leblogdeconscience.com\/index.php\/2022\/02\/05\/le-covid-na-jamais-existe\/#breadcrumb\",\"itemListElement\":[{\"@type\":\"ListItem\",\"position\":1,\"name\":\"Accueil\",\"item\":\"https:\/\/leblogdeconscience.com\/\"},{\"@type\":\"ListItem\",\"position\":2,\"name\":\"Fraude virologique : le COVID n&#8217;a jamais exist\u00e9\"}]},{\"@type\":\"WebSite\",\"@id\":\"https:\/\/leblogdeconscience.com\/#website\",\"url\":\"https:\/\/leblogdeconscience.com\/\",\"name\":\"Le blog de Conscience\",\"description\":\"A la recherche de la v\u00e9rit\u00e9, pour un autre regard sur le monde\",\"potentialAction\":[{\"@type\":\"SearchAction\",\"target\":{\"@type\":\"EntryPoint\",\"urlTemplate\":\"https:\/\/leblogdeconscience.com\/?s={search_term_string}\"},\"query-input\":{\"@type\":\"PropertyValueSpecification\",\"valueRequired\":true,\"valueName\":\"search_term_string\"}}],\"inLanguage\":\"fr-FR\"},{\"@type\":\"Person\",\"@id\":\"https:\/\/leblogdeconscience.com\/#\/schema\/person\/85a55dd926c660dc71a9be7b411d2c0f\",\"name\":\"Conscience\",\"image\":{\"@type\":\"ImageObject\",\"inLanguage\":\"fr-FR\",\"@id\":\"https:\/\/leblogdeconscience.com\/#\/schema\/person\/image\/\",\"url\":\"https:\/\/secure.gravatar.com\/avatar\/72ae192822435591198525527176d6d5?s=96&d=mm&r=g\",\"contentUrl\":\"https:\/\/secure.gravatar.com\/avatar\/72ae192822435591198525527176d6d5?s=96&d=mm&r=g\",\"caption\":\"Conscience\"},\"sameAs\":[\"http:\/\/leblogdeconscience.com\"]}]}<\/script>\n<!-- \/ Yoast SEO plugin. -->","yoast_head_json":{"title":"Fraude virologique : le COVID n'a jamais exist\u00e9 - Le blog de Conscience","description":"D\u00e9monstration logique et rigoureuse par des faits, que le covid n'a jamais exist\u00e9.","robots":{"index":"index","follow":"follow","max-snippet":"max-snippet:-1","max-image-preview":"max-image-preview:large","max-video-preview":"max-video-preview:-1"},"canonical":"https:\/\/leblogdeconscience.com\/index.php\/2022\/02\/05\/le-covid-na-jamais-existe\/","og_locale":"fr_FR","og_type":"article","og_title":"Fraude virologique : le COVID n'a jamais exist\u00e9 - Le blog de Conscience","og_description":"D\u00e9monstration logique et rigoureuse par des faits, que le covid n'a jamais exist\u00e9.","og_url":"https:\/\/leblogdeconscience.com\/index.php\/2022\/02\/05\/le-covid-na-jamais-existe\/","og_site_name":"Le blog de Conscience","article_published_time":"2022-02-05T09:00:19+00:00","article_modified_time":"2022-02-17T20:27:16+00:00","og_image":[{"width":350,"height":263,"url":"https:\/\/leblogdeconscience.com\/wp-content\/uploads\/2022\/02\/covid-jamais-existe-e1644060545901.jpg","type":"image\/jpeg"}],"author":"Conscience","twitter_card":"summary_large_image","twitter_misc":{"\u00c9crit par":"Conscience","Dur\u00e9e de lecture estim\u00e9e":"4 minutes"},"schema":{"@context":"https:\/\/schema.org","@graph":[{"@type":"WebPage","@id":"https:\/\/leblogdeconscience.com\/index.php\/2022\/02\/05\/le-covid-na-jamais-existe\/","url":"https:\/\/leblogdeconscience.com\/index.php\/2022\/02\/05\/le-covid-na-jamais-existe\/","name":"Fraude virologique : le COVID n'a jamais exist\u00e9 - Le blog de Conscience","isPartOf":{"@id":"https:\/\/leblogdeconscience.com\/#website"},"primaryImageOfPage":{"@id":"https:\/\/leblogdeconscience.com\/index.php\/2022\/02\/05\/le-covid-na-jamais-existe\/#primaryimage"},"image":{"@id":"https:\/\/leblogdeconscience.com\/index.php\/2022\/02\/05\/le-covid-na-jamais-existe\/#primaryimage"},"thumbnailUrl":"https:\/\/leblogdeconscience.com\/wp-content\/uploads\/2022\/02\/covid-jamais-existe-e1644060545901.jpg","datePublished":"2022-02-05T09:00:19+00:00","dateModified":"2022-02-17T20:27:16+00:00","author":{"@id":"https:\/\/leblogdeconscience.com\/#\/schema\/person\/85a55dd926c660dc71a9be7b411d2c0f"},"description":"D\u00e9monstration logique et rigoureuse par des faits, que le covid n'a jamais exist\u00e9.","breadcrumb":{"@id":"https:\/\/leblogdeconscience.com\/index.php\/2022\/02\/05\/le-covid-na-jamais-existe\/#breadcrumb"},"inLanguage":"fr-FR","potentialAction":[{"@type":"ReadAction","target":["https:\/\/leblogdeconscience.com\/index.php\/2022\/02\/05\/le-covid-na-jamais-existe\/"]}]},{"@type":"ImageObject","inLanguage":"fr-FR","@id":"https:\/\/leblogdeconscience.com\/index.php\/2022\/02\/05\/le-covid-na-jamais-existe\/#primaryimage","url":"https:\/\/leblogdeconscience.com\/wp-content\/uploads\/2022\/02\/covid-jamais-existe-e1644060545901.jpg","contentUrl":"https:\/\/leblogdeconscience.com\/wp-content\/uploads\/2022\/02\/covid-jamais-existe-e1644060545901.jpg","width":350,"height":263,"caption":"Le covid j'a jamais exist\u00e9"},{"@type":"BreadcrumbList","@id":"https:\/\/leblogdeconscience.com\/index.php\/2022\/02\/05\/le-covid-na-jamais-existe\/#breadcrumb","itemListElement":[{"@type":"ListItem","position":1,"name":"Accueil","item":"https:\/\/leblogdeconscience.com\/"},{"@type":"ListItem","position":2,"name":"Fraude virologique : le COVID n&#8217;a jamais exist\u00e9"}]},{"@type":"WebSite","@id":"https:\/\/leblogdeconscience.com\/#website","url":"https:\/\/leblogdeconscience.com\/","name":"Le blog de Conscience","description":"A la recherche de la v\u00e9rit\u00e9, pour un autre regard sur le monde","potentialAction":[{"@type":"SearchAction","target":{"@type":"EntryPoint","urlTemplate":"https:\/\/leblogdeconscience.com\/?s={search_term_string}"},"query-input":{"@type":"PropertyValueSpecification","valueRequired":true,"valueName":"search_term_string"}}],"inLanguage":"fr-FR"},{"@type":"Person","@id":"https:\/\/leblogdeconscience.com\/#\/schema\/person\/85a55dd926c660dc71a9be7b411d2c0f","name":"Conscience","image":{"@type":"ImageObject","inLanguage":"fr-FR","@id":"https:\/\/leblogdeconscience.com\/#\/schema\/person\/image\/","url":"https:\/\/secure.gravatar.com\/avatar\/72ae192822435591198525527176d6d5?s=96&d=mm&r=g","contentUrl":"https:\/\/secure.gravatar.com\/avatar\/72ae192822435591198525527176d6d5?s=96&d=mm&r=g","caption":"Conscience"},"sameAs":["http:\/\/leblogdeconscience.com"]}]}},"_links":{"self":[{"href":"https:\/\/leblogdeconscience.com\/index.php\/wp-json\/wp\/v2\/posts\/2020"}],"collection":[{"href":"https:\/\/leblogdeconscience.com\/index.php\/wp-json\/wp\/v2\/posts"}],"about":[{"href":"https:\/\/leblogdeconscience.com\/index.php\/wp-json\/wp\/v2\/types\/post"}],"author":[{"embeddable":true,"href":"https:\/\/leblogdeconscience.com\/index.php\/wp-json\/wp\/v2\/users\/1"}],"replies":[{"embeddable":true,"href":"https:\/\/leblogdeconscience.com\/index.php\/wp-json\/wp\/v2\/comments?post=2020"}],"version-history":[{"count":21,"href":"https:\/\/leblogdeconscience.com\/index.php\/wp-json\/wp\/v2\/posts\/2020\/revisions"}],"predecessor-version":[{"id":2298,"href":"https:\/\/leblogdeconscience.com\/index.php\/wp-json\/wp\/v2\/posts\/2020\/revisions\/2298"}],"wp:featuredmedia":[{"embeddable":true,"href":"https:\/\/leblogdeconscience.com\/index.php\/wp-json\/wp\/v2\/media\/2076"}],"wp:attachment":[{"href":"https:\/\/leblogdeconscience.com\/index.php\/wp-json\/wp\/v2\/media?parent=2020"}],"wp:term":[{"taxonomy":"category","embeddable":true,"href":"https:\/\/leblogdeconscience.com\/index.php\/wp-json\/wp\/v2\/categories?post=2020"},{"taxonomy":"post_tag","embeddable":true,"href":"https:\/\/leblogdeconscience.com\/index.php\/wp-json\/wp\/v2\/tags?post=2020"}],"curies":[{"name":"wp","href":"https:\/\/api.w.org\/{rel}","templated":true}]}}