{"id":2224,"date":"2022-02-12T17:26:26","date_gmt":"2022-02-12T16:26:26","guid":{"rendered":"http:\/\/leblogdeconscience.com\/?p=2224"},"modified":"2022-02-17T21:22:50","modified_gmt":"2022-02-17T20:22:50","slug":"7-etudes-demontrent-que-des-masques-sont-inutiles-contre-les-maladies-respiratoires","status":"publish","type":"post","link":"https:\/\/leblogdeconscience.com\/index.php\/2022\/02\/12\/7-etudes-demontrent-que-des-masques-sont-inutiles-contre-les-maladies-respiratoires\/","title":{"rendered":"7 \u00e9tudes de 2009 \u00e0 2020 montrent que les masques sont inutiles contre les maladies respiratoires"},"content":{"rendered":"\n<h3>Les masques ne fonctionnent pas : Un examen de la science pertinente \u00e0 la politique sociale COVID-19 par Denis Rancourt, avril 2020.<\/h3>\n\n\n\n<p>7 \u00e9tudes allant de 2009 \u00e0 2020 montrent que les masques sont inutiles, que ce soit les masques chirurgicaux ou N95 (identique \u00e0 la norme FFP2) ils n\u2019ont aucun effet sur les maladies respiratoires hivernales :<\/p>\n\n\n\n<ul class=\"wp-block-list\"><li><a href=\"https:\/\/www.ncbi.nlm.nih.gov\/pubmed\/19216002\">https:\/\/www.ncbi.nlm.nih.gov\/pubmed\/19216002<\/a><\/li><li><a href=\"https:\/\/www.cambridge.org\/core\/journals\/epidemiology-and-infection\/article\/facemasks-to-prevent-transmission-of-influenza-virus-a-systematicreview\/64D368496EBDE0AFCC6639CCC9D8BC05\">https:\/\/www.cambridge.org\/core\/journals\/epidemiology-and-infection\/article\/facemasks-to-prevent-transmission-of-influenza-virus-a-systematicreview\/64D368496EBDE0AFCC6639CCC9D8BC05<\/a><\/li><li><a href=\"https:\/\/onlinelibrary.wiley.com\/doi\/epdf\/10.1111\/j.1750-2659.2011.00307.x\">https:\/\/onlinelibrary.wiley.com\/doi\/epdf\/10.1111\/j.1750-2659.2011.00307.x<\/a><\/li><li><a href=\"https:\/\/www.cmaj.ca\/content\/188\/8\/567\">https:\/\/www.cmaj.ca\/content\/188\/8\/567<\/a><\/li><li><a href=\"https:\/\/academic.oup.com\/cid\/article\/65\/11\/1934\/4068747\">https:\/\/academic.oup.com\/cid\/article\/65\/11\/1934\/4068747<\/a><\/li><li><a href=\"https:\/\/jamanetwork.com\/journals\/jama\/fullarticle\/2749214\">https:\/\/jamanetwork.com\/journals\/jama\/fullarticle\/2749214<\/a><\/li><li><a href=\"https:\/\/onlinelibrary.wiley.com\/doi\/full\/10.1111\/jebm.12381\">https:\/\/onlinelibrary.wiley.com\/doi\/full\/10.1111\/jebm.12381<\/a><\/li><\/ul>\n\n\n\n<p><strong>Traduction de la conclusion :<\/strong><\/p>\n\n\n\n<p>\u00ab Conclusion \u00e0 ce sujet, les masques ne fonctionnent pas.<br>Aucune \u00e9tude d\u2019essais randomis\u00e9s contr\u00f4l\u00e9s dont les r\u00e9sultats sont v\u00e9rifi\u00e9s ne pr\u00e9sente d\u2019avantages pour le personnel m\u00e9dical ou les m\u00e9nages \u00e0 porter un masque ou un respirateur. Il n\u2019existe pas d\u2019\u00e9tude de ce genre. Il n\u2019y a pas d\u2019exception. De m\u00eame, il n\u2019existe aucune \u00e9tude qui montre un avantage d\u2019une vaste politique de port de masques en public.<br>En outre, s\u2019il y avait un avantage \u00e0 porter un masque, en raison de la puissance de blocage contre les gouttelettes et les particules d\u2019a\u00e9rosol, il devrait y avoir plus d\u2019avantages \u00e0 porter un respirateur (N95) par rapport \u00e0 un masque chirurgical, mais plusieurs grandes m\u00e9ta-analyses, et tous les essais randomis\u00e9s contr\u00f4l\u00e9s, prouvent qu\u2019il n\u2019y a pas d\u2019avantage.<br>Les masques et les respirateurs ne fonctionnent pas. \u00bb<\/p>\n\n\n\n<p>Lien vers le document complet : <a href=\"https:\/\/ocla.ca\/wp-content\/uploads\/2020\/04\/Rancourt-Masks-dont-work-review-science-re-COVID19-policy.pdf\">https:\/\/ocla.ca\/wp-content\/uploads\/2020\/04\/Rancourt-Masks-dont-work-review-science-re-COVID19-policy.pdf<\/a><br><br><\/p>\n\n\n\n<h4 class=\"wp-block-heading\" id=\"articles-pouvant-vous-interesser-egalement-sur-ce-blog\"><strong>Articles pouvant vous int\u00e9resser \u00e9galement sur ce blog :<\/strong><\/h4>\n\n\n\n<ul class=\"wp-block-list\"><li><a href=\"https:\/\/leblogdeconscience.com\/index.php\/2022\/02\/04\/lancienne-conception-de-la-grippe-et-de-ses-remedes-avant-larrivee-de-la-virologie\/\">L&rsquo;ancienne conception de la grippe et de ses rem\u00e8des avant l&rsquo;arriv\u00e9e de la virologie<\/a><\/li><li><a href=\"https:\/\/leblogdeconscience.com\/index.php\/2022\/02\/05\/le-covid-na-jamais-existe\/\">Fraude virologique : le COVID n&rsquo;a jamais exist\u00e9<\/a><\/li><li><a href=\"https:\/\/leblogdeconscience.com\/index.php\/2022\/02\/05\/ladn-nexiste-pas\/\">L&rsquo;ADN n&rsquo;existe pas<\/a><\/li><li><a href=\"https:\/\/leblogdeconscience.com\/index.php\/2022\/02\/04\/remise-en-question-de-toutes-les-grandes-theories-scientifiques-de-notre-epoque\/\">Remise en question de toutes les grandes th\u00e9ories scientifiques de notre \u00e9poque<\/a><\/li><li><a href=\"https:\/\/leblogdeconscience.com\/index.php\/2022\/02\/04\/extraits-audio-de-livres-de-rene-guenon-sur-les-mythes-et-superstitions-de-la-science-moderne\/\">Extraits audio de livres de Ren\u00e9 Gu\u00e9non sur les mythes, illusions et superstitions de la science moderne<\/a><\/li><li><a href=\"https:\/\/leblogdeconscience.com\/index.php\/2022\/02\/05\/les-limitations-de-lutilisation-du-microscope-dans-lelaboration-des-connaissances-scientifiques-netaient-pas-dordres-techniques-mais-intellectuelles\/\">Les limitations de l&rsquo;utilisation du microscope dans l&rsquo;\u00e9laboration des connaissances scientifiques n&rsquo;\u00e9taient pas d&rsquo;ordres techniques mais intellectuelles<\/a><\/li><li><a href=\"https:\/\/leblogdeconscience.com\/index.php\/2022\/02\/09\/lescroquerie-du-vih-sida-expose-par-jean-jacques-crevecoeur\/\">L&rsquo;escroquerie du VIH \/ SIDA expos\u00e9e par Jean-Jacques Cr\u00e8vecoeur<\/a><\/li><li><a href=\"https:\/\/leblogdeconscience.com\/index.php\/2022\/02\/09\/lorigine-de-la-grippe-aurait-ete-decouverte-deux-fois-selon-les-tenants-du-postulat-de-la-theorie-des-germes\/\">L\u2019origine de la grippe aurait \u00e9t\u00e9 d\u00e9couverte deux fois selon les tenants du postulat de la th\u00e9orie des germes !<\/a><\/li><li><a href=\"https:\/\/leblogdeconscience.com\/index.php\/2022\/02\/17\/le-cancer-et-ses-remedes-au-19ieme-siecle\/\">Le cancer et ses rem\u00e8des, au 19i\u00e8me si\u00e8cle<\/a><br><\/li><\/ul>\n\n\n\n<p><br><br><\/p>\n\n\n\n<figure class=\"wp-block-image size-full is-style-default\"><img loading=\"lazy\" decoding=\"async\" width=\"500\" height=\"365\" data-src=\"https:\/\/leblogdeconscience.com\/wp-content\/uploads\/2022\/02\/masques-inutiles.jpg\" alt=\"\u00e9tudes masques inutiles\" class=\"wp-image-2226 lazyload\" title=\"\u00e9tudes masques inutiles\" data-srcset=\"https:\/\/leblogdeconscience.com\/wp-content\/uploads\/2022\/02\/masques-inutiles.jpg 500w, https:\/\/leblogdeconscience.com\/wp-content\/uploads\/2022\/02\/masques-inutiles-300x219.jpg 300w\" data-sizes=\"(max-width: 500px) 100vw, 500px\" src=\"data:image\/gif;base64,R0lGODlhAQABAAAAACH5BAEKAAEALAAAAAABAAEAAAICTAEAOw==\" style=\"--smush-placeholder-width: 500px; --smush-placeholder-aspect-ratio: 500\/365;\" \/><noscript><img loading=\"lazy\" decoding=\"async\" width=\"500\" height=\"365\" src=\"https:\/\/leblogdeconscience.com\/wp-content\/uploads\/2022\/02\/masques-inutiles.jpg\" alt=\"\u00e9tudes masques inutiles\" class=\"wp-image-2226\" title=\"\u00e9tudes masques inutiles\" srcset=\"https:\/\/leblogdeconscience.com\/wp-content\/uploads\/2022\/02\/masques-inutiles.jpg 500w, https:\/\/leblogdeconscience.com\/wp-content\/uploads\/2022\/02\/masques-inutiles-300x219.jpg 300w\" sizes=\"(max-width: 500px) 100vw, 500px\" \/><\/noscript><\/figure>\n","protected":false},"excerpt":{"rendered":"<p>Les masques ne fonctionnent pas : Un examen de la science pertinente \u00e0 la politique sociale COVID-19 par Denis Rancourt, avril 2020. 7 \u00e9tudes allant de 2009 \u00e0 2020 montrent que les masques sont inutiles, que ce soit les masques chirurgicaux ou N95 (identique \u00e0 la norme FFP2) ils n\u2019ont aucun effet sur les maladies &#8230; <a title=\"7 \u00e9tudes de 2009 \u00e0 2020 montrent que les masques sont inutiles contre les maladies respiratoires\" class=\"read-more\" href=\"https:\/\/leblogdeconscience.com\/index.php\/2022\/02\/12\/7-etudes-demontrent-que-des-masques-sont-inutiles-contre-les-maladies-respiratoires\/\" aria-label=\"En savoir plus sur 7 \u00e9tudes de 2009 \u00e0 2020 montrent que les masques sont inutiles contre les maladies respiratoires\">Lire la suite<\/a><\/p>\n","protected":false},"author":1,"featured_media":2226,"comment_status":"open","ping_status":"open","sticky":false,"template":"","format":"standard","meta":{"footnotes":""},"categories":[12,56],"tags":[],"class_list":["post-2224","post","type-post","status-publish","format-standard","has-post-thumbnail","hentry","category-articles","category-vu-sur-internet"],"yoast_head":"<!-- This site is optimized with the Yoast SEO plugin v23.8 - https:\/\/yoast.com\/wordpress\/plugins\/seo\/ -->\n<title>7 \u00e9tudes de 2009 \u00e0 2020 montrent que les masques sont inutiles contre les maladies respiratoires - Le blog de Conscience<\/title>\n<meta name=\"description\" content=\"7 \u00e9tudes allant de 2009 \u00e0 2020 montrent que les masques chirurgicaux et FFP2 sont inutiles contre les maladies respiratoires.\" \/>\n<meta name=\"robots\" content=\"index, follow, max-snippet:-1, max-image-preview:large, max-video-preview:-1\" \/>\n<link rel=\"canonical\" href=\"https:\/\/leblogdeconscience.com\/index.php\/2022\/02\/12\/7-etudes-demontrent-que-des-masques-sont-inutiles-contre-les-maladies-respiratoires\/\" \/>\n<meta property=\"og:locale\" content=\"fr_FR\" \/>\n<meta property=\"og:type\" content=\"article\" \/>\n<meta property=\"og:title\" content=\"7 \u00e9tudes de 2009 \u00e0 2020 montrent que les masques sont inutiles contre les maladies respiratoires - Le blog de Conscience\" \/>\n<meta property=\"og:description\" content=\"7 \u00e9tudes allant de 2009 \u00e0 2020 montrent que les masques chirurgicaux et FFP2 sont inutiles contre les maladies respiratoires.\" \/>\n<meta property=\"og:url\" content=\"https:\/\/leblogdeconscience.com\/index.php\/2022\/02\/12\/7-etudes-demontrent-que-des-masques-sont-inutiles-contre-les-maladies-respiratoires\/\" \/>\n<meta property=\"og:site_name\" content=\"Le blog de Conscience\" \/>\n<meta property=\"article:published_time\" content=\"2022-02-12T16:26:26+00:00\" \/>\n<meta property=\"article:modified_time\" content=\"2022-02-17T20:22:50+00:00\" \/>\n<meta property=\"og:image\" content=\"https:\/\/leblogdeconscience.com\/wp-content\/uploads\/2022\/02\/masques-inutiles.jpg\" \/>\n\t<meta property=\"og:image:width\" content=\"500\" \/>\n\t<meta property=\"og:image:height\" content=\"365\" \/>\n\t<meta property=\"og:image:type\" content=\"image\/jpeg\" \/>\n<meta name=\"author\" content=\"Conscience\" \/>\n<meta name=\"twitter:card\" content=\"summary_large_image\" \/>\n<meta name=\"twitter:label1\" content=\"\u00c9crit par\" \/>\n\t<meta name=\"twitter:data1\" content=\"Conscience\" \/>\n\t<meta name=\"twitter:label2\" content=\"Dur\u00e9e de lecture estim\u00e9e\" \/>\n\t<meta name=\"twitter:data2\" content=\"2 minutes\" \/>\n<script type=\"application\/ld+json\" class=\"yoast-schema-graph\">{\"@context\":\"https:\/\/schema.org\",\"@graph\":[{\"@type\":\"WebPage\",\"@id\":\"https:\/\/leblogdeconscience.com\/index.php\/2022\/02\/12\/7-etudes-demontrent-que-des-masques-sont-inutiles-contre-les-maladies-respiratoires\/\",\"url\":\"https:\/\/leblogdeconscience.com\/index.php\/2022\/02\/12\/7-etudes-demontrent-que-des-masques-sont-inutiles-contre-les-maladies-respiratoires\/\",\"name\":\"7 \u00e9tudes de 2009 \u00e0 2020 montrent que les masques sont inutiles contre les maladies respiratoires - Le blog de Conscience\",\"isPartOf\":{\"@id\":\"https:\/\/leblogdeconscience.com\/#website\"},\"primaryImageOfPage\":{\"@id\":\"https:\/\/leblogdeconscience.com\/index.php\/2022\/02\/12\/7-etudes-demontrent-que-des-masques-sont-inutiles-contre-les-maladies-respiratoires\/#primaryimage\"},\"image\":{\"@id\":\"https:\/\/leblogdeconscience.com\/index.php\/2022\/02\/12\/7-etudes-demontrent-que-des-masques-sont-inutiles-contre-les-maladies-respiratoires\/#primaryimage\"},\"thumbnailUrl\":\"https:\/\/leblogdeconscience.com\/wp-content\/uploads\/2022\/02\/masques-inutiles.jpg\",\"datePublished\":\"2022-02-12T16:26:26+00:00\",\"dateModified\":\"2022-02-17T20:22:50+00:00\",\"author\":{\"@id\":\"https:\/\/leblogdeconscience.com\/#\/schema\/person\/85a55dd926c660dc71a9be7b411d2c0f\"},\"description\":\"7 \u00e9tudes allant de 2009 \u00e0 2020 montrent que les masques chirurgicaux et FFP2 sont inutiles contre les maladies respiratoires.\",\"breadcrumb\":{\"@id\":\"https:\/\/leblogdeconscience.com\/index.php\/2022\/02\/12\/7-etudes-demontrent-que-des-masques-sont-inutiles-contre-les-maladies-respiratoires\/#breadcrumb\"},\"inLanguage\":\"fr-FR\",\"potentialAction\":[{\"@type\":\"ReadAction\",\"target\":[\"https:\/\/leblogdeconscience.com\/index.php\/2022\/02\/12\/7-etudes-demontrent-que-des-masques-sont-inutiles-contre-les-maladies-respiratoires\/\"]}]},{\"@type\":\"ImageObject\",\"inLanguage\":\"fr-FR\",\"@id\":\"https:\/\/leblogdeconscience.com\/index.php\/2022\/02\/12\/7-etudes-demontrent-que-des-masques-sont-inutiles-contre-les-maladies-respiratoires\/#primaryimage\",\"url\":\"https:\/\/leblogdeconscience.com\/wp-content\/uploads\/2022\/02\/masques-inutiles.jpg\",\"contentUrl\":\"https:\/\/leblogdeconscience.com\/wp-content\/uploads\/2022\/02\/masques-inutiles.jpg\",\"width\":500,\"height\":365,\"caption\":\"masques inutiles\"},{\"@type\":\"BreadcrumbList\",\"@id\":\"https:\/\/leblogdeconscience.com\/index.php\/2022\/02\/12\/7-etudes-demontrent-que-des-masques-sont-inutiles-contre-les-maladies-respiratoires\/#breadcrumb\",\"itemListElement\":[{\"@type\":\"ListItem\",\"position\":1,\"name\":\"Accueil\",\"item\":\"https:\/\/leblogdeconscience.com\/\"},{\"@type\":\"ListItem\",\"position\":2,\"name\":\"7 \u00e9tudes de 2009 \u00e0 2020 montrent que les masques sont inutiles contre les maladies respiratoires\"}]},{\"@type\":\"WebSite\",\"@id\":\"https:\/\/leblogdeconscience.com\/#website\",\"url\":\"https:\/\/leblogdeconscience.com\/\",\"name\":\"Le blog de Conscience\",\"description\":\"A la recherche de la v\u00e9rit\u00e9, pour un autre regard sur le monde\",\"potentialAction\":[{\"@type\":\"SearchAction\",\"target\":{\"@type\":\"EntryPoint\",\"urlTemplate\":\"https:\/\/leblogdeconscience.com\/?s={search_term_string}\"},\"query-input\":{\"@type\":\"PropertyValueSpecification\",\"valueRequired\":true,\"valueName\":\"search_term_string\"}}],\"inLanguage\":\"fr-FR\"},{\"@type\":\"Person\",\"@id\":\"https:\/\/leblogdeconscience.com\/#\/schema\/person\/85a55dd926c660dc71a9be7b411d2c0f\",\"name\":\"Conscience\",\"image\":{\"@type\":\"ImageObject\",\"inLanguage\":\"fr-FR\",\"@id\":\"https:\/\/leblogdeconscience.com\/#\/schema\/person\/image\/\",\"url\":\"https:\/\/secure.gravatar.com\/avatar\/72ae192822435591198525527176d6d5?s=96&d=mm&r=g\",\"contentUrl\":\"https:\/\/secure.gravatar.com\/avatar\/72ae192822435591198525527176d6d5?s=96&d=mm&r=g\",\"caption\":\"Conscience\"},\"sameAs\":[\"http:\/\/leblogdeconscience.com\"]}]}<\/script>\n<!-- \/ Yoast SEO plugin. -->","yoast_head_json":{"title":"7 \u00e9tudes de 2009 \u00e0 2020 montrent que les masques sont inutiles contre les maladies respiratoires - Le blog de Conscience","description":"7 \u00e9tudes allant de 2009 \u00e0 2020 montrent que les masques chirurgicaux et FFP2 sont inutiles contre les maladies respiratoires.","robots":{"index":"index","follow":"follow","max-snippet":"max-snippet:-1","max-image-preview":"max-image-preview:large","max-video-preview":"max-video-preview:-1"},"canonical":"https:\/\/leblogdeconscience.com\/index.php\/2022\/02\/12\/7-etudes-demontrent-que-des-masques-sont-inutiles-contre-les-maladies-respiratoires\/","og_locale":"fr_FR","og_type":"article","og_title":"7 \u00e9tudes de 2009 \u00e0 2020 montrent que les masques sont inutiles contre les maladies respiratoires - Le blog de Conscience","og_description":"7 \u00e9tudes allant de 2009 \u00e0 2020 montrent que les masques chirurgicaux et FFP2 sont inutiles contre les maladies respiratoires.","og_url":"https:\/\/leblogdeconscience.com\/index.php\/2022\/02\/12\/7-etudes-demontrent-que-des-masques-sont-inutiles-contre-les-maladies-respiratoires\/","og_site_name":"Le blog de Conscience","article_published_time":"2022-02-12T16:26:26+00:00","article_modified_time":"2022-02-17T20:22:50+00:00","og_image":[{"width":500,"height":365,"url":"https:\/\/leblogdeconscience.com\/wp-content\/uploads\/2022\/02\/masques-inutiles.jpg","type":"image\/jpeg"}],"author":"Conscience","twitter_card":"summary_large_image","twitter_misc":{"\u00c9crit par":"Conscience","Dur\u00e9e de lecture estim\u00e9e":"2 minutes"},"schema":{"@context":"https:\/\/schema.org","@graph":[{"@type":"WebPage","@id":"https:\/\/leblogdeconscience.com\/index.php\/2022\/02\/12\/7-etudes-demontrent-que-des-masques-sont-inutiles-contre-les-maladies-respiratoires\/","url":"https:\/\/leblogdeconscience.com\/index.php\/2022\/02\/12\/7-etudes-demontrent-que-des-masques-sont-inutiles-contre-les-maladies-respiratoires\/","name":"7 \u00e9tudes de 2009 \u00e0 2020 montrent que les masques sont inutiles contre les maladies respiratoires - Le blog de Conscience","isPartOf":{"@id":"https:\/\/leblogdeconscience.com\/#website"},"primaryImageOfPage":{"@id":"https:\/\/leblogdeconscience.com\/index.php\/2022\/02\/12\/7-etudes-demontrent-que-des-masques-sont-inutiles-contre-les-maladies-respiratoires\/#primaryimage"},"image":{"@id":"https:\/\/leblogdeconscience.com\/index.php\/2022\/02\/12\/7-etudes-demontrent-que-des-masques-sont-inutiles-contre-les-maladies-respiratoires\/#primaryimage"},"thumbnailUrl":"https:\/\/leblogdeconscience.com\/wp-content\/uploads\/2022\/02\/masques-inutiles.jpg","datePublished":"2022-02-12T16:26:26+00:00","dateModified":"2022-02-17T20:22:50+00:00","author":{"@id":"https:\/\/leblogdeconscience.com\/#\/schema\/person\/85a55dd926c660dc71a9be7b411d2c0f"},"description":"7 \u00e9tudes allant de 2009 \u00e0 2020 montrent que les masques chirurgicaux et FFP2 sont inutiles contre les maladies respiratoires.","breadcrumb":{"@id":"https:\/\/leblogdeconscience.com\/index.php\/2022\/02\/12\/7-etudes-demontrent-que-des-masques-sont-inutiles-contre-les-maladies-respiratoires\/#breadcrumb"},"inLanguage":"fr-FR","potentialAction":[{"@type":"ReadAction","target":["https:\/\/leblogdeconscience.com\/index.php\/2022\/02\/12\/7-etudes-demontrent-que-des-masques-sont-inutiles-contre-les-maladies-respiratoires\/"]}]},{"@type":"ImageObject","inLanguage":"fr-FR","@id":"https:\/\/leblogdeconscience.com\/index.php\/2022\/02\/12\/7-etudes-demontrent-que-des-masques-sont-inutiles-contre-les-maladies-respiratoires\/#primaryimage","url":"https:\/\/leblogdeconscience.com\/wp-content\/uploads\/2022\/02\/masques-inutiles.jpg","contentUrl":"https:\/\/leblogdeconscience.com\/wp-content\/uploads\/2022\/02\/masques-inutiles.jpg","width":500,"height":365,"caption":"masques inutiles"},{"@type":"BreadcrumbList","@id":"https:\/\/leblogdeconscience.com\/index.php\/2022\/02\/12\/7-etudes-demontrent-que-des-masques-sont-inutiles-contre-les-maladies-respiratoires\/#breadcrumb","itemListElement":[{"@type":"ListItem","position":1,"name":"Accueil","item":"https:\/\/leblogdeconscience.com\/"},{"@type":"ListItem","position":2,"name":"7 \u00e9tudes de 2009 \u00e0 2020 montrent que les masques sont inutiles contre les maladies respiratoires"}]},{"@type":"WebSite","@id":"https:\/\/leblogdeconscience.com\/#website","url":"https:\/\/leblogdeconscience.com\/","name":"Le blog de Conscience","description":"A la recherche de la v\u00e9rit\u00e9, pour un autre regard sur le monde","potentialAction":[{"@type":"SearchAction","target":{"@type":"EntryPoint","urlTemplate":"https:\/\/leblogdeconscience.com\/?s={search_term_string}"},"query-input":{"@type":"PropertyValueSpecification","valueRequired":true,"valueName":"search_term_string"}}],"inLanguage":"fr-FR"},{"@type":"Person","@id":"https:\/\/leblogdeconscience.com\/#\/schema\/person\/85a55dd926c660dc71a9be7b411d2c0f","name":"Conscience","image":{"@type":"ImageObject","inLanguage":"fr-FR","@id":"https:\/\/leblogdeconscience.com\/#\/schema\/person\/image\/","url":"https:\/\/secure.gravatar.com\/avatar\/72ae192822435591198525527176d6d5?s=96&d=mm&r=g","contentUrl":"https:\/\/secure.gravatar.com\/avatar\/72ae192822435591198525527176d6d5?s=96&d=mm&r=g","caption":"Conscience"},"sameAs":["http:\/\/leblogdeconscience.com"]}]}},"_links":{"self":[{"href":"https:\/\/leblogdeconscience.com\/index.php\/wp-json\/wp\/v2\/posts\/2224"}],"collection":[{"href":"https:\/\/leblogdeconscience.com\/index.php\/wp-json\/wp\/v2\/posts"}],"about":[{"href":"https:\/\/leblogdeconscience.com\/index.php\/wp-json\/wp\/v2\/types\/post"}],"author":[{"embeddable":true,"href":"https:\/\/leblogdeconscience.com\/index.php\/wp-json\/wp\/v2\/users\/1"}],"replies":[{"embeddable":true,"href":"https:\/\/leblogdeconscience.com\/index.php\/wp-json\/wp\/v2\/comments?post=2224"}],"version-history":[{"count":13,"href":"https:\/\/leblogdeconscience.com\/index.php\/wp-json\/wp\/v2\/posts\/2224\/revisions"}],"predecessor-version":[{"id":2292,"href":"https:\/\/leblogdeconscience.com\/index.php\/wp-json\/wp\/v2\/posts\/2224\/revisions\/2292"}],"wp:featuredmedia":[{"embeddable":true,"href":"https:\/\/leblogdeconscience.com\/index.php\/wp-json\/wp\/v2\/media\/2226"}],"wp:attachment":[{"href":"https:\/\/leblogdeconscience.com\/index.php\/wp-json\/wp\/v2\/media?parent=2224"}],"wp:term":[{"taxonomy":"category","embeddable":true,"href":"https:\/\/leblogdeconscience.com\/index.php\/wp-json\/wp\/v2\/categories?post=2224"},{"taxonomy":"post_tag","embeddable":true,"href":"https:\/\/leblogdeconscience.com\/index.php\/wp-json\/wp\/v2\/tags?post=2224"}],"curies":[{"name":"wp","href":"https:\/\/api.w.org\/{rel}","templated":true}]}}