{"id":2710,"date":"2022-11-01T09:42:08","date_gmt":"2022-11-01T08:42:08","guid":{"rendered":"https:\/\/leblogdeconscience.com\/?p=2710"},"modified":"2022-11-01T10:03:01","modified_gmt":"2022-11-01T09:03:01","slug":"maladies-hivernales-causes-et-remedes-des-anciens-medecins-avec-raphi-deschamps-chloe-f","status":"publish","type":"post","link":"https:\/\/leblogdeconscience.com\/index.php\/2022\/11\/01\/maladies-hivernales-causes-et-remedes-des-anciens-medecins-avec-raphi-deschamps-chloe-f\/","title":{"rendered":"Maladies hivernales, causes et rem\u00e8des des anciens m\u00e9decins avec Raphi Deschamps &#038; Chlo\u00e9 F."},"content":{"rendered":"\n<figure class=\"wp-block-embed is-type-video is-provider-youtube wp-block-embed-youtube wp-embed-aspect-16-9 wp-has-aspect-ratio\"><div class=\"wp-block-embed__wrapper\">\n<div class=\"epyt-video-wrapper\"><div  id=\"_ytid_38672\"  width=\"1200\" height=\"675\"  data-origwidth=\"1200\" data-origheight=\"675\" data-facadesrc=\"https:\/\/www.youtube.com\/embed\/Ttcm5K3yT9M?enablejsapi=1&#038;autoplay=0&#038;cc_load_policy=0&#038;cc_lang_pref=&#038;iv_load_policy=1&#038;loop=0&#038;modestbranding=0&#038;rel=1&#038;fs=1&#038;playsinline=0&#038;autohide=2&#038;theme=dark&#038;color=red&#038;controls=1&#038;\" class=\"__youtube_prefs__ epyt-facade epyt-is-override  no-lazyload\" data-epautoplay=\"1\" ><img decoding=\"async\" data-spai-excluded=\"true\" class=\"epyt-facade-poster skip-lazy\" loading=\"lazy\"  alt=\"YouTube player\"  src=\"https:\/\/i.ytimg.com\/vi\/Ttcm5K3yT9M\/maxresdefault.jpg\"  \/><button class=\"epyt-facade-play\" aria-label=\"Play\"><svg data-no-lazy=\"1\" height=\"100%\" version=\"1.1\" viewBox=\"0 0 68 48\" width=\"100%\"><path class=\"ytp-large-play-button-bg\" d=\"M66.52,7.74c-0.78-2.93-2.49-5.41-5.42-6.19C55.79,.13,34,0,34,0S12.21,.13,6.9,1.55 C3.97,2.33,2.27,4.81,1.48,7.74C0.06,13.05,0,24,0,24s0.06,10.95,1.48,16.26c0.78,2.93,2.49,5.41,5.42,6.19 C12.21,47.87,34,48,34,48s21.79-0.13,27.1-1.55c2.93-0.78,4.64-3.26,5.42-6.19C67.94,34.95,68,24,68,24S67.94,13.05,66.52,7.74z\" fill=\"#f00\"><\/path><path d=\"M 45,24 27,14 27,34\" fill=\"#fff\"><\/path><\/svg><\/button><\/div><\/div>\n<\/div><\/figure>\n\n\n\n<p>Raphi Deschamps s&rsquo;int\u00e9resse depuis longtemps \u00e0 la m\u00e9decine, en particulier depuis la \u00ab\u00a0pand\u00e9mie\u00a0\u00bb de grippe H1N1 de 2009, en passant par les 11 vaccins obligatoires impos\u00e9s via Agn\u00e8s Buzyn en France en janvier 2018 et encore plus depuis la saga Covid d\u00e9marr\u00e9e en mars 2020. Il s&rsquo;est pench\u00e9 d\u00e8s juillet 2021 sur les causes de maladies hivernales et sur les rem\u00e8des pr\u00e9conis\u00e9s par les m\u00e9decins du 18e si\u00e8cle, qui ne connaissaient pas la notion de \u00ab\u00a0virus\u00a0\u00bb. La grippe s&rsquo;appelait \u00e0 l&rsquo;\u00e9poque \u00ab\u00a0influenza di freddo\u00a0\u00bb (influence du froid) ou \u00ab\u00a0common cold\u00a0\u00bb (refroidissement commun), ou encore \u00ab\u00a0catharre\u00a0\u00bb. En 1890 ont \u00e9t\u00e9 publi\u00e9s les 4 postulats de Koch, qui permettent d&rsquo;identifier un micro-organisme \u00ab\u00a0responsable d&rsquo;une maladie\u00a0\u00bb et en 1937, Thomas Rivers, dipl\u00f4m\u00e9 de l&rsquo;Universit\u00e9 Johns Hopkins et fra\u00eechement promu au poste de directeur de l&rsquo;institut Rockefeller, a adapt\u00e9 ces 4 postulats en les transformant en 3 crit\u00e8res flous pour d\u00e9signer le nouvel ennemi ext\u00e9rieur issu de la doctrine pasteurienne : le virus. Rivers avait pour mandat de d\u00e9velopper la \u00ab\u00a0recherche virale\u00a0\u00bb, gr\u00e2ce aux tous nouveaux microscopes \u00e9lectroniques invent\u00e9s en 1931. Le rapport Flexner financ\u00e9 par Rockefeller et Carnegie avait permis de faire fermer le \u00e9coles de m\u00e9decine naturelle d\u00e8s 1910 aux Etats-Unis et au Canada, ainsi la m\u00e9decine chimique et m\u00e9dicamenteuse avait pu se d\u00e9velopper sereinement, sans \u00eatre entrav\u00e9e par des naturopathes devenus g\u00eanants, tant leurs rem\u00e8des \u00e9taient simples et accessibles (bourrache, tilleul, sureau, sauge par exemple). Ces naturopathes avaient d\u00e9couvert le r\u00f4le essentiel de la transpiration pour \u00e9liminer les d\u00e9chets contenus dans les humeurs (liquides corporels) et donc pour garder un organisme en bonne sant\u00e9. Selon ces savants, \u00e0 l&rsquo;\u00e9poque beaucoup plus libres et ind\u00e9pendants qu&rsquo;aujourd&rsquo;hui, les maladies hivernales survenaient avec le refroidissement brusque des temp\u00e9ratures, qui emp\u00eachait la transpiration de se faire naturellement Pierre Marchesseau \u00e9crivait dans son livret n\u00b042 (\u00ab\u00a0L&rsquo;arthritisme\u00a0\u00bb) que la bouillotte pos\u00e9e sur le foie \u00e9tait consid\u00e9r\u00e9e comme le seul \u00ab\u00a0vaccin\u00a0\u00bb contre la grippe qui soit s\u00e9rieux, qui ne co\u00fbte rien et qui n&rsquo;ait aucun effet secondaire.<\/p>\n<p>\u25a0 Sources &amp; r\u00e9f\u00e9rences :<\/p>\n<p>\u2022 Lien vers la biblioth\u00e8que de Raphi : <a href=\"https:\/\/drive.google.com\/drive\/folders\/1L-O5k6lzCaNCV6Ds3pkGVasx0DBleRPu?usp=sharing\">https:\/\/drive.google.com\/drive\/folders\/1L-O5k6lzCaNCV6Ds3pkGVasx0DBleRPu?usp=sharing<\/a> \u2022 Lien pour acc\u00e9der \u00e0 la Biblioth\u00e8que Nationale de France : <a href=\"https:\/\/gallica.bnf.fr\">https:\/\/gallica.bnf.fr<\/a><\/p>\n<p>\u2022 Les 4 postulats de Koch, publi\u00e9s par Robert Koch en 1890 :<\/p>\n<p>1. Le micro-organisme doit \u00eatre pr\u00e9sent en abondance dans tous les organismes souffrant de la maladie, mais absent des organismes sains.<\/p>\n<p>2. Le micro-organisme doit pouvoir \u00eatre isol\u00e9 et cro\u00eetre en milieu de culture pur (ne contenant que ce seul microbe).<\/p>\n<p>3. Le micro-organisme cultiv\u00e9 doit d\u00e9clencher la m\u00eame maladie chez un animal de laboratoire sensible.<\/p>\n<p>4. Le micro-organisme doit \u00eatre \u00e0 nouveau isol\u00e9 du nouvel organisme h\u00f4te rendu malade puis identifi\u00e9 comme \u00e9tant identique \u00e0 l&rsquo;agent infectieux original. <a href=\"https:\/\/fr.m.wikipedia.org\/wiki\/Postulats_de_Koch\">https:\/\/fr.m.wikipedia.org\/wiki\/Postulats_de_Koch<\/a><\/p>\n<p>\u2022 Les 3 postulats de Thomas Rivers (adapt\u00e9s en 1937 des postulats de Koch, pour identifier un virus) :<\/p>\n<p>1. L&rsquo;agent est associ\u00e9 \u00e0 la maladie avec une certaine r\u00e9gularit\u00e9 statistique.<\/p>\n<p>2. On peut isoler cet agent, le cultiver en milieu appropri\u00e9 et reproduire la maladie avec une certaine r\u00e9gularit\u00e9 (dans un essai contr\u00f4l\u00e9).<\/p>\n<p>3. Exp\u00e9rimentalement, m\u00eame si la maladie n&rsquo;apparait pas, l&rsquo;apparition des anticorps t\u00e9moigne de l&rsquo;action du virus. <a href=\"https:\/\/fr.m.wikipedia.org\/wiki\/Postulats_de_Koch\">https:\/\/fr.m.wikipedia.org\/wiki\/Postulats_de_Koch<\/a><\/p>\n<p>\u2022 D\u00e9finition Wikipedia d&rsquo;un anticorps : <a href=\"https:\/\/fr.m.wikipedia.org\/wiki\/Anticorps\">https:\/\/fr.m.wikipedia.org\/wiki\/Anticorps<\/a><\/p>\n<p>\u2022 Fiche Wikipedia de Thomas Rivers : <a href=\"https:\/\/en.wikipedia.org\/wiki\/Thomas_Milton_Rivers\">https:\/\/en.wikipedia.org\/wiki\/Thomas_Milton_Rivers<\/a><\/p>\n<p>\u2022 Invention du microscope \u00e9lectronique en 1931 : <a href=\"https:\/\/fr.m.wikipedia.org\/wiki\/Microscope_%C3%A9lectronique\">https:\/\/fr.m.wikipedia.org\/wiki\/Microscope_%C3%A9lectronique<\/a><\/p>\n<p>\u2022 Cours sur les microzymas &#8211; de Alain Scohy <a href=\"https:\/\/drive.google.com\/file\/d\/16UneRmraDHwmOUbwUxb-DJjplCztMpKn\/view?usp=sharing\">https:\/\/drive.google.com\/file\/d\/16UneRmraDHwmOUbwUxb-DJjplCztMpKn\/view?usp=sharing<\/a><\/p>\n<p>\u2022 Vid\u00e9o (avec toutes les sources) \u00ab\u00a0Le Rapport Flexner ou les d\u00e9buts de la m\u00e9decine \u00ab\u00a0moderne\u00a0\u00bb &#8211; Rockefeller &amp; Carnegie\u00a0\u00bb <a href=\"https:\/\/odysee.com\/Rapport_Flexner_Rockefeller_Carnegie:8\">https:\/\/odysee.com\/Rapport_Flexner_Rockefeller_Carnegie:8<\/a><\/p>\n<p>\u2022 Emission LIB\u00c9REZ L&rsquo;INFO #6 avec Pierre Etchart &amp; Dr Eric Ancelet &#8211; 27.10.22 <a href=\"https:\/\/crowdbunker.com\/v\/4ciKkpTz\">https:\/\/crowdbunker.com\/v\/4ciKkpTz<\/a><\/p>\n<p>\u2022 Le Dr Paul Carton dans un ouvrage de 1911 explique selon lui comment les variations de temp\u00e9ratures affectent les personnes ayant une mauvaise alimentation Page 567 il dit la chose suivante : \u00ab\u00a0Autant l&rsquo;air froid est bien tol\u00e9r\u00e9 par l&rsquo;arbre respiratoire, autant l&rsquo;impression cutan\u00e9e r\u00e9frig\u00e9rante prolong\u00e9e doit \u00eatre redout\u00e9e. Dans ces cas, il faut bien savoir qu&rsquo;on s&rsquo;enrhume par la peau et non par le poumon\u00a0\u00bb Source : \u00ab\u00a0La tuberculose par arthritisme [&#8230;]\u00a0\u00bb page 567 <a href=\"https:\/\/gallica.bnf.fr\/ark:\/12148\/bpt6k5858994z\/f572.item\">https:\/\/gallica.bnf.fr\/ark:\/12148\/bpt6k5858994z\/f572.item<\/a><\/p>\n<p>\u2022 Extrait du livret n\u00b042 de P.V. Marchesseau intitul\u00e9 \u00ab L&rsquo;arthritisme \u00bb Au sujet de la grippe et de la chaleur (bouillotte) comme rem\u00e8de pr\u00e9ventif et curatif. Source : <a href=\"https:\/\/archive.org\/details\/MarchesseauLarthritisme\">https:\/\/archive.org\/details\/MarchesseauLarthritisme<\/a><\/p>\n","protected":false},"excerpt":{"rendered":"<p>Raphi Deschamps s&rsquo;int\u00e9resse depuis longtemps \u00e0 la m\u00e9decine, en particulier depuis la \u00ab\u00a0pand\u00e9mie\u00a0\u00bb de grippe H1N1 de 2009, en passant par les 11 vaccins obligatoires impos\u00e9s via Agn\u00e8s Buzyn en France en janvier 2018 et encore plus depuis la saga Covid d\u00e9marr\u00e9e en mars 2020. Il s&rsquo;est pench\u00e9 d\u00e8s juillet 2021 sur les causes de &#8230; <a title=\"Maladies hivernales, causes et rem\u00e8des des anciens m\u00e9decins avec Raphi Deschamps &#038; Chlo\u00e9 F.\" class=\"read-more\" href=\"https:\/\/leblogdeconscience.com\/index.php\/2022\/11\/01\/maladies-hivernales-causes-et-remedes-des-anciens-medecins-avec-raphi-deschamps-chloe-f\/\" aria-label=\"En savoir plus sur Maladies hivernales, causes et rem\u00e8des des anciens m\u00e9decins avec Raphi Deschamps &#038; Chlo\u00e9 F.\">Lire la suite<\/a><\/p>\n","protected":false},"author":1,"featured_media":2711,"comment_status":"open","ping_status":"open","sticky":true,"template":"","format":"standard","meta":{"footnotes":""},"categories":[12,55,1],"tags":[19,62,35,21,46],"class_list":["post-2710","post","type-post","status-publish","format-standard","has-post-thumbnail","hentry","category-articles","category-mes-analyses","category-non-classe","tag-histoire","tag-medecine","tag-philosophie","tag-revelations","tag-science"],"yoast_head":"<!-- This site is optimized with the Yoast SEO plugin v23.8 - https:\/\/yoast.com\/wordpress\/plugins\/seo\/ -->\n<title>Maladies hivernales, causes et rem\u00e8des des anciens m\u00e9decins avec Raphi Deschamps &amp; Chlo\u00e9 F. - Le blog de Conscience<\/title>\n<meta name=\"description\" content=\"Entretien de 40 min entre Chlo\u00e9 F. &amp; Raphi Deschamps sur les causes et rem\u00e8des des maladies hivernales selon les anciens m\u00e9decins.\" \/>\n<meta name=\"robots\" content=\"index, follow, max-snippet:-1, max-image-preview:large, max-video-preview:-1\" \/>\n<link rel=\"canonical\" href=\"https:\/\/leblogdeconscience.com\/index.php\/2022\/11\/01\/maladies-hivernales-causes-et-remedes-des-anciens-medecins-avec-raphi-deschamps-chloe-f\/\" \/>\n<meta property=\"og:locale\" content=\"fr_FR\" \/>\n<meta property=\"og:type\" content=\"article\" \/>\n<meta property=\"og:title\" content=\"Maladies hivernales, causes et rem\u00e8des des anciens m\u00e9decins avec Raphi Deschamps &amp; Chlo\u00e9 F. - Le blog de Conscience\" \/>\n<meta property=\"og:description\" content=\"Entretien de 40 min entre Chlo\u00e9 F. &amp; Raphi Deschamps sur les causes et rem\u00e8des des maladies hivernales selon les anciens m\u00e9decins.\" \/>\n<meta property=\"og:url\" content=\"https:\/\/leblogdeconscience.com\/index.php\/2022\/11\/01\/maladies-hivernales-causes-et-remedes-des-anciens-medecins-avec-raphi-deschamps-chloe-f\/\" \/>\n<meta property=\"og:site_name\" content=\"Le blog de Conscience\" \/>\n<meta property=\"article:published_time\" content=\"2022-11-01T08:42:08+00:00\" \/>\n<meta property=\"article:modified_time\" content=\"2022-11-01T09:03:01+00:00\" \/>\n<meta property=\"og:image\" content=\"https:\/\/leblogdeconscience.com\/wp-content\/uploads\/2022\/11\/vignette.jpg\" \/>\n\t<meta property=\"og:image:width\" content=\"1080\" \/>\n\t<meta property=\"og:image:height\" content=\"594\" \/>\n\t<meta property=\"og:image:type\" content=\"image\/jpeg\" \/>\n<meta name=\"author\" content=\"Conscience\" \/>\n<meta name=\"twitter:card\" content=\"summary_large_image\" \/>\n<meta name=\"twitter:label1\" content=\"\u00c9crit par\" \/>\n\t<meta name=\"twitter:data1\" content=\"Conscience\" \/>\n\t<meta name=\"twitter:label2\" content=\"Dur\u00e9e de lecture estim\u00e9e\" \/>\n\t<meta name=\"twitter:data2\" content=\"4 minutes\" \/>\n<script type=\"application\/ld+json\" class=\"yoast-schema-graph\">{\"@context\":\"https:\/\/schema.org\",\"@graph\":[{\"@type\":\"WebPage\",\"@id\":\"https:\/\/leblogdeconscience.com\/index.php\/2022\/11\/01\/maladies-hivernales-causes-et-remedes-des-anciens-medecins-avec-raphi-deschamps-chloe-f\/\",\"url\":\"https:\/\/leblogdeconscience.com\/index.php\/2022\/11\/01\/maladies-hivernales-causes-et-remedes-des-anciens-medecins-avec-raphi-deschamps-chloe-f\/\",\"name\":\"Maladies hivernales, causes et rem\u00e8des des anciens m\u00e9decins avec Raphi Deschamps & Chlo\u00e9 F. - Le blog de Conscience\",\"isPartOf\":{\"@id\":\"https:\/\/leblogdeconscience.com\/#website\"},\"primaryImageOfPage\":{\"@id\":\"https:\/\/leblogdeconscience.com\/index.php\/2022\/11\/01\/maladies-hivernales-causes-et-remedes-des-anciens-medecins-avec-raphi-deschamps-chloe-f\/#primaryimage\"},\"image\":{\"@id\":\"https:\/\/leblogdeconscience.com\/index.php\/2022\/11\/01\/maladies-hivernales-causes-et-remedes-des-anciens-medecins-avec-raphi-deschamps-chloe-f\/#primaryimage\"},\"thumbnailUrl\":\"https:\/\/leblogdeconscience.com\/wp-content\/uploads\/2022\/11\/vignette.jpg\",\"datePublished\":\"2022-11-01T08:42:08+00:00\",\"dateModified\":\"2022-11-01T09:03:01+00:00\",\"author\":{\"@id\":\"https:\/\/leblogdeconscience.com\/#\/schema\/person\/85a55dd926c660dc71a9be7b411d2c0f\"},\"description\":\"Entretien de 40 min entre Chlo\u00e9 F. & Raphi Deschamps sur les causes et rem\u00e8des des maladies hivernales selon les anciens m\u00e9decins.\",\"breadcrumb\":{\"@id\":\"https:\/\/leblogdeconscience.com\/index.php\/2022\/11\/01\/maladies-hivernales-causes-et-remedes-des-anciens-medecins-avec-raphi-deschamps-chloe-f\/#breadcrumb\"},\"inLanguage\":\"fr-FR\",\"potentialAction\":[{\"@type\":\"ReadAction\",\"target\":[\"https:\/\/leblogdeconscience.com\/index.php\/2022\/11\/01\/maladies-hivernales-causes-et-remedes-des-anciens-medecins-avec-raphi-deschamps-chloe-f\/\"]}]},{\"@type\":\"ImageObject\",\"inLanguage\":\"fr-FR\",\"@id\":\"https:\/\/leblogdeconscience.com\/index.php\/2022\/11\/01\/maladies-hivernales-causes-et-remedes-des-anciens-medecins-avec-raphi-deschamps-chloe-f\/#primaryimage\",\"url\":\"https:\/\/leblogdeconscience.com\/wp-content\/uploads\/2022\/11\/vignette.jpg\",\"contentUrl\":\"https:\/\/leblogdeconscience.com\/wp-content\/uploads\/2022\/11\/vignette.jpg\",\"width\":1080,\"height\":594,\"caption\":\"Maladies hivernales, causes et rem\u00e8des des anciens m\u00e9decins avec Raphi Deschamps\"},{\"@type\":\"BreadcrumbList\",\"@id\":\"https:\/\/leblogdeconscience.com\/index.php\/2022\/11\/01\/maladies-hivernales-causes-et-remedes-des-anciens-medecins-avec-raphi-deschamps-chloe-f\/#breadcrumb\",\"itemListElement\":[{\"@type\":\"ListItem\",\"position\":1,\"name\":\"Accueil\",\"item\":\"https:\/\/leblogdeconscience.com\/\"},{\"@type\":\"ListItem\",\"position\":2,\"name\":\"Maladies hivernales, causes et rem\u00e8des des anciens m\u00e9decins avec Raphi Deschamps &#038; Chlo\u00e9 F.\"}]},{\"@type\":\"WebSite\",\"@id\":\"https:\/\/leblogdeconscience.com\/#website\",\"url\":\"https:\/\/leblogdeconscience.com\/\",\"name\":\"Le blog de Conscience\",\"description\":\"A la recherche de la v\u00e9rit\u00e9, pour un autre regard sur le monde\",\"potentialAction\":[{\"@type\":\"SearchAction\",\"target\":{\"@type\":\"EntryPoint\",\"urlTemplate\":\"https:\/\/leblogdeconscience.com\/?s={search_term_string}\"},\"query-input\":{\"@type\":\"PropertyValueSpecification\",\"valueRequired\":true,\"valueName\":\"search_term_string\"}}],\"inLanguage\":\"fr-FR\"},{\"@type\":\"Person\",\"@id\":\"https:\/\/leblogdeconscience.com\/#\/schema\/person\/85a55dd926c660dc71a9be7b411d2c0f\",\"name\":\"Conscience\",\"image\":{\"@type\":\"ImageObject\",\"inLanguage\":\"fr-FR\",\"@id\":\"https:\/\/leblogdeconscience.com\/#\/schema\/person\/image\/\",\"url\":\"https:\/\/secure.gravatar.com\/avatar\/72ae192822435591198525527176d6d5?s=96&d=mm&r=g\",\"contentUrl\":\"https:\/\/secure.gravatar.com\/avatar\/72ae192822435591198525527176d6d5?s=96&d=mm&r=g\",\"caption\":\"Conscience\"},\"sameAs\":[\"http:\/\/leblogdeconscience.com\"]}]}<\/script>\n<!-- \/ Yoast SEO plugin. -->","yoast_head_json":{"title":"Maladies hivernales, causes et rem\u00e8des des anciens m\u00e9decins avec Raphi Deschamps & Chlo\u00e9 F. - Le blog de Conscience","description":"Entretien de 40 min entre Chlo\u00e9 F. & Raphi Deschamps sur les causes et rem\u00e8des des maladies hivernales selon les anciens m\u00e9decins.","robots":{"index":"index","follow":"follow","max-snippet":"max-snippet:-1","max-image-preview":"max-image-preview:large","max-video-preview":"max-video-preview:-1"},"canonical":"https:\/\/leblogdeconscience.com\/index.php\/2022\/11\/01\/maladies-hivernales-causes-et-remedes-des-anciens-medecins-avec-raphi-deschamps-chloe-f\/","og_locale":"fr_FR","og_type":"article","og_title":"Maladies hivernales, causes et rem\u00e8des des anciens m\u00e9decins avec Raphi Deschamps & Chlo\u00e9 F. - Le blog de Conscience","og_description":"Entretien de 40 min entre Chlo\u00e9 F. & Raphi Deschamps sur les causes et rem\u00e8des des maladies hivernales selon les anciens m\u00e9decins.","og_url":"https:\/\/leblogdeconscience.com\/index.php\/2022\/11\/01\/maladies-hivernales-causes-et-remedes-des-anciens-medecins-avec-raphi-deschamps-chloe-f\/","og_site_name":"Le blog de Conscience","article_published_time":"2022-11-01T08:42:08+00:00","article_modified_time":"2022-11-01T09:03:01+00:00","og_image":[{"width":1080,"height":594,"url":"https:\/\/leblogdeconscience.com\/wp-content\/uploads\/2022\/11\/vignette.jpg","type":"image\/jpeg"}],"author":"Conscience","twitter_card":"summary_large_image","twitter_misc":{"\u00c9crit par":"Conscience","Dur\u00e9e de lecture estim\u00e9e":"4 minutes"},"schema":{"@context":"https:\/\/schema.org","@graph":[{"@type":"WebPage","@id":"https:\/\/leblogdeconscience.com\/index.php\/2022\/11\/01\/maladies-hivernales-causes-et-remedes-des-anciens-medecins-avec-raphi-deschamps-chloe-f\/","url":"https:\/\/leblogdeconscience.com\/index.php\/2022\/11\/01\/maladies-hivernales-causes-et-remedes-des-anciens-medecins-avec-raphi-deschamps-chloe-f\/","name":"Maladies hivernales, causes et rem\u00e8des des anciens m\u00e9decins avec Raphi Deschamps & Chlo\u00e9 F. - Le blog de Conscience","isPartOf":{"@id":"https:\/\/leblogdeconscience.com\/#website"},"primaryImageOfPage":{"@id":"https:\/\/leblogdeconscience.com\/index.php\/2022\/11\/01\/maladies-hivernales-causes-et-remedes-des-anciens-medecins-avec-raphi-deschamps-chloe-f\/#primaryimage"},"image":{"@id":"https:\/\/leblogdeconscience.com\/index.php\/2022\/11\/01\/maladies-hivernales-causes-et-remedes-des-anciens-medecins-avec-raphi-deschamps-chloe-f\/#primaryimage"},"thumbnailUrl":"https:\/\/leblogdeconscience.com\/wp-content\/uploads\/2022\/11\/vignette.jpg","datePublished":"2022-11-01T08:42:08+00:00","dateModified":"2022-11-01T09:03:01+00:00","author":{"@id":"https:\/\/leblogdeconscience.com\/#\/schema\/person\/85a55dd926c660dc71a9be7b411d2c0f"},"description":"Entretien de 40 min entre Chlo\u00e9 F. & Raphi Deschamps sur les causes et rem\u00e8des des maladies hivernales selon les anciens m\u00e9decins.","breadcrumb":{"@id":"https:\/\/leblogdeconscience.com\/index.php\/2022\/11\/01\/maladies-hivernales-causes-et-remedes-des-anciens-medecins-avec-raphi-deschamps-chloe-f\/#breadcrumb"},"inLanguage":"fr-FR","potentialAction":[{"@type":"ReadAction","target":["https:\/\/leblogdeconscience.com\/index.php\/2022\/11\/01\/maladies-hivernales-causes-et-remedes-des-anciens-medecins-avec-raphi-deschamps-chloe-f\/"]}]},{"@type":"ImageObject","inLanguage":"fr-FR","@id":"https:\/\/leblogdeconscience.com\/index.php\/2022\/11\/01\/maladies-hivernales-causes-et-remedes-des-anciens-medecins-avec-raphi-deschamps-chloe-f\/#primaryimage","url":"https:\/\/leblogdeconscience.com\/wp-content\/uploads\/2022\/11\/vignette.jpg","contentUrl":"https:\/\/leblogdeconscience.com\/wp-content\/uploads\/2022\/11\/vignette.jpg","width":1080,"height":594,"caption":"Maladies hivernales, causes et rem\u00e8des des anciens m\u00e9decins avec Raphi Deschamps"},{"@type":"BreadcrumbList","@id":"https:\/\/leblogdeconscience.com\/index.php\/2022\/11\/01\/maladies-hivernales-causes-et-remedes-des-anciens-medecins-avec-raphi-deschamps-chloe-f\/#breadcrumb","itemListElement":[{"@type":"ListItem","position":1,"name":"Accueil","item":"https:\/\/leblogdeconscience.com\/"},{"@type":"ListItem","position":2,"name":"Maladies hivernales, causes et rem\u00e8des des anciens m\u00e9decins avec Raphi Deschamps &#038; Chlo\u00e9 F."}]},{"@type":"WebSite","@id":"https:\/\/leblogdeconscience.com\/#website","url":"https:\/\/leblogdeconscience.com\/","name":"Le blog de Conscience","description":"A la recherche de la v\u00e9rit\u00e9, pour un autre regard sur le monde","potentialAction":[{"@type":"SearchAction","target":{"@type":"EntryPoint","urlTemplate":"https:\/\/leblogdeconscience.com\/?s={search_term_string}"},"query-input":{"@type":"PropertyValueSpecification","valueRequired":true,"valueName":"search_term_string"}}],"inLanguage":"fr-FR"},{"@type":"Person","@id":"https:\/\/leblogdeconscience.com\/#\/schema\/person\/85a55dd926c660dc71a9be7b411d2c0f","name":"Conscience","image":{"@type":"ImageObject","inLanguage":"fr-FR","@id":"https:\/\/leblogdeconscience.com\/#\/schema\/person\/image\/","url":"https:\/\/secure.gravatar.com\/avatar\/72ae192822435591198525527176d6d5?s=96&d=mm&r=g","contentUrl":"https:\/\/secure.gravatar.com\/avatar\/72ae192822435591198525527176d6d5?s=96&d=mm&r=g","caption":"Conscience"},"sameAs":["http:\/\/leblogdeconscience.com"]}]}},"_links":{"self":[{"href":"https:\/\/leblogdeconscience.com\/index.php\/wp-json\/wp\/v2\/posts\/2710"}],"collection":[{"href":"https:\/\/leblogdeconscience.com\/index.php\/wp-json\/wp\/v2\/posts"}],"about":[{"href":"https:\/\/leblogdeconscience.com\/index.php\/wp-json\/wp\/v2\/types\/post"}],"author":[{"embeddable":true,"href":"https:\/\/leblogdeconscience.com\/index.php\/wp-json\/wp\/v2\/users\/1"}],"replies":[{"embeddable":true,"href":"https:\/\/leblogdeconscience.com\/index.php\/wp-json\/wp\/v2\/comments?post=2710"}],"version-history":[{"count":4,"href":"https:\/\/leblogdeconscience.com\/index.php\/wp-json\/wp\/v2\/posts\/2710\/revisions"}],"predecessor-version":[{"id":2718,"href":"https:\/\/leblogdeconscience.com\/index.php\/wp-json\/wp\/v2\/posts\/2710\/revisions\/2718"}],"wp:featuredmedia":[{"embeddable":true,"href":"https:\/\/leblogdeconscience.com\/index.php\/wp-json\/wp\/v2\/media\/2711"}],"wp:attachment":[{"href":"https:\/\/leblogdeconscience.com\/index.php\/wp-json\/wp\/v2\/media?parent=2710"}],"wp:term":[{"taxonomy":"category","embeddable":true,"href":"https:\/\/leblogdeconscience.com\/index.php\/wp-json\/wp\/v2\/categories?post=2710"},{"taxonomy":"post_tag","embeddable":true,"href":"https:\/\/leblogdeconscience.com\/index.php\/wp-json\/wp\/v2\/tags?post=2710"}],"curies":[{"name":"wp","href":"https:\/\/api.w.org\/{rel}","templated":true}]}}